{"id":1616,"date":"2017-08-21T19:00:28","date_gmt":"2017-08-21T17:00:28","guid":{"rendered":"http:\/\/www.peporiol.com\/?p=1616"},"modified":"2017-10-09T18:10:38","modified_gmt":"2017-10-09T16:10:38","slug":"exposicio-aquelarre-40a","status":"publish","type":"post","link":"http:\/\/www.peporiol.com\/?p=1616","title":{"rendered":"EXPOSICI\u00d3 AQUELARRE 40A"},"content":{"rendered":"<p>Juntament amb l&#8217;Alba Cu\u00f1\u00e9 i altres persones relacionades amb la festa, hem dissenyat aquest esdeveniment que consisteix en una exposici\u00f3 que s&#8217;allarga fins el 50\u00e8 aniversari i que inclou recollida i cerca de materials privats relacionats amb l&#8217;Aquelarre a m\u00e9s de taules de reflexi\u00f3 sobre diversos \u00e0mbits com s\u00f3n el foc, la dramat\u00fargia, la m\u00fasica, l&#8217;espai&#8230;<\/p>\n<p><em>( El text seg\u00fcent s&#8217;ha extret de la web Aquelarre.cat)<\/em><\/p>\n<p>Per celebrar els 40 anys d&#8217;Aquelarre, el Museu de Cervera us proposa una exposici\u00f3 &#8220;en construcci\u00f3&#8221; la qual, a partir de la creaci\u00f3 de 5 \u00e0mbits tem\u00e0tics que estructuraran l&#8217;espai i el contingut, vol ser una crida a la participaci\u00f3. Els \u00e0mbits no s\u00f3n m\u00f2duls tancats sin\u00f3 que es conceben com portes obertes a la recollida d&#8217;informaci\u00f3 i a la posada en com\u00fa d&#8217;opinions, mirades i reflexions entorn als temes proposats.<\/p>\n<p>Aix\u00ed doncs, l&#8217;exposici\u00f3 no \u00e9s un punt final de s\u00edntesi sin\u00f3, ben al contrari, volem que sigui el punt d&#8217;inici d&#8217;un projecte m\u00e9s ambici\u00f3s que pret\u00e9n:<\/p>\n<p>&#8211; Participaci\u00f3 activa de tota la ciutadania que, en un nivell o altre, t\u00e9 o considera que ha tingut relaci\u00f3 amb l&#8217;Aquelarre i que vol compartir la seva experi\u00e8ncia<\/p>\n<p>&#8211; Recollida de material vinculat amb la festa. Des d&#8217; objectes materials originals, a material gr\u00e0fic (fotografies, v\u00eddeos, &#8230;) i documental (cartells, dibuixos, programes, articles, &#8230;). Aquesta recollida ha de permetre, en primer lloc, fer un inventari de tot l&#8217;existent (i tamb\u00e9, de tot el que s&#8217;ha perdut al llarg dels anys).<\/p>\n<p>&#8211; En segon lloc, ha de permetre inscriure aquest material dins la mateixa narraci\u00f3 de la Festa que l&#8217;exposici\u00f3 anir\u00e0 construint i, en tercer lloc, ha de permetre debatre sobre la seva conservaci\u00f3 i exposici\u00f3 futura.<\/p>\n<p>&#8211; Debat entre tots els interpel\u00b7lats per tal d&#8217;arribar a consensuar un relat que expliqui la festa de l&#8217;Aquelarre des dels seus or\u00edgens al moment present (des del punt de vista festiu per\u00f2 tamb\u00e9 social i econ\u00f2mic) per\u00f2 tamb\u00e9 per obrir un relat de futur que creiem que ha d&#8217;anar m\u00e9s enll\u00e0 de la Festa de l&#8217;Aquelarre per entroncar-se amb la necessitat reivindicada d&#8217;una Casa de la Festa.<\/p>\n<p><iframe loading=\"lazy\" width=\"1200\" height=\"675\" src=\"https:\/\/www.youtube.com\/embed\/K7MAE_u7Ca4?feature=oembed\" frameborder=\"0\" allowfullscreen><\/iframe><\/p>\n<p>M\u00e9s info:<\/p>\n<p>http:\/\/www.museudecervera.cat\/aquelarre-cervera-40-anys-construint-festa\/<\/p>\n<p>http:\/\/www.aquelarre.cat\/noticia.php?id=198<\/p>\n<p>&nbsp;<\/p>\n<p>&nbsp;<\/p>\n<p>&nbsp;<\/p>\n<p>&nbsp;<\/p>\n","protected":false},"excerpt":{"rendered":"<p>Juntament amb l&#8217;Alba Cu\u00f1\u00e9 i altres persones relacionades amb la festa, hem dissenyat aquest esdeveniment que consisteix en una exposici\u00f3 que s&#8217;allarga fins el 50\u00e8 aniversari i que inclou recollida i cerca de materials privats relacionats amb l&#8217;Aquelarre a m\u00e9s de taules de reflexi\u00f3 sobre diversos \u00e0mbits com s\u00f3n el [&hellip;]<\/p>\n","protected":false},"author":2,"featured_media":1618,"comment_status":"closed","ping_status":"closed","sticky":false,"template":"","format":"standard","meta":[],"categories":[14,4],"tags":[],"_links":{"self":[{"href":"http:\/\/www.peporiol.com\/index.php?rest_route=\/wp\/v2\/posts\/1616"}],"collection":[{"href":"http:\/\/www.peporiol.com\/index.php?rest_route=\/wp\/v2\/posts"}],"about":[{"href":"http:\/\/www.peporiol.com\/index.php?rest_route=\/wp\/v2\/types\/post"}],"author":[{"embeddable":true,"href":"http:\/\/www.peporiol.com\/index.php?rest_route=\/wp\/v2\/users\/2"}],"replies":[{"embeddable":true,"href":"http:\/\/www.peporiol.com\/index.php?rest_route=%2Fwp%2Fv2%2Fcomments&post=1616"}],"version-history":[{"count":4,"href":"http:\/\/www.peporiol.com\/index.php?rest_route=\/wp\/v2\/posts\/1616\/revisions"}],"predecessor-version":[{"id":1621,"href":"http:\/\/www.peporiol.com\/index.php?rest_route=\/wp\/v2\/posts\/1616\/revisions\/1621"}],"wp:featuredmedia":[{"embeddable":true,"href":"http:\/\/www.peporiol.com\/index.php?rest_route=\/wp\/v2\/media\/1618"}],"wp:attachment":[{"href":"http:\/\/www.peporiol.com\/index.php?rest_route=%2Fwp%2Fv2%2Fmedia&parent=1616"}],"wp:term":[{"taxonomy":"category","embeddable":true,"href":"http:\/\/www.peporiol.com\/index.php?rest_route=%2Fwp%2Fv2%2Fcategories&post=1616"},{"taxonomy":"post_tag","embeddable":true,"href":"http:\/\/www.peporiol.com\/index.php?rest_route=%2Fwp%2Fv2%2Ftags&post=1616"}],"curies":[{"name":"wp","href":"https:\/\/api.w.org\/{rel}","templated":true}]}}